{"id":2880,"date":"2019-11-18T10:06:38","date_gmt":"2019-11-18T09:06:38","guid":{"rendered":"https:\/\/www.donalba.com\/OrquestaMedia2023Donalba\/2019\/11\/18\/cargadores-de-baterias-portatiles-para-vehiculos-noviembre-2019\/"},"modified":"2019-11-18T10:06:38","modified_gmt":"2019-11-18T09:06:38","slug":"cargadores-de-baterias-portatiles-para-vehiculos-noviembre-2019","status":"publish","type":"post","link":"https:\/\/www.donalba.com\/OrquestaMedia2023Donalba\/wordpress\/aire\/energy-and-power-supplies\/sat-comms\/cargadores-de-baterias-portatiles-para-vehiculos-noviembre-2019\/","title":{"rendered":"Cargadores de bater\u00edas port\u00e1tiles para veh\u00edculos (Noviembre 2019)"},"content":{"rendered":"<p style=\"text-align: center;\"><a href=\"https:\/\/www.donalba.com\/OrquestaMedia2023Donalba\/wp-content\/uploads\/2019\/11\/Colaboraciones-Donalba-2019-Noviembre-11.pdf\" target=\"_blank\" rel=\"noopener\"><img loading=\"lazy\" decoding=\"async\" class=\" size-full wp-image-2619\" src=\"https:\/\/www.donalba.com\/OrquestaMedia2023Donalba\/wp-content\/uploads\/2018\/09\/Descargar.png\" alt=\"Descargar\" width=\"300\" height=\"81\" \/><\/a><\/p>\n","protected":false},"excerpt":{"rendered":"","protected":false},"author":1,"featured_media":2619,"comment_status":"open","ping_status":"open","sticky":false,"template":"","format":"standard","meta":{"_et_pb_use_builder":"","_et_pb_old_content":"","_et_gb_content_width":"","footnotes":""},"categories":[55],"tags":[],"class_list":["post-2880","post","type-post","status-publish","format-standard","has-post-thumbnail","hentry","category-sat-comms"],"_links":{"self":[{"href":"https:\/\/www.donalba.com\/OrquestaMedia2023Donalba\/wp-json\/wp\/v2\/posts\/2880","targetHints":{"allow":["GET"]}}],"collection":[{"href":"https:\/\/www.donalba.com\/OrquestaMedia2023Donalba\/wp-json\/wp\/v2\/posts"}],"about":[{"href":"https:\/\/www.donalba.com\/OrquestaMedia2023Donalba\/wp-json\/wp\/v2\/types\/post"}],"author":[{"embeddable":true,"href":"https:\/\/www.donalba.com\/OrquestaMedia2023Donalba\/wp-json\/wp\/v2\/users\/1"}],"replies":[{"embeddable":true,"href":"https:\/\/www.donalba.com\/OrquestaMedia2023Donalba\/wp-json\/wp\/v2\/comments?post=2880"}],"version-history":[{"count":0,"href":"https:\/\/www.donalba.com\/OrquestaMedia2023Donalba\/wp-json\/wp\/v2\/posts\/2880\/revisions"}],"wp:featuredmedia":[{"embeddable":true,"href":"https:\/\/www.donalba.com\/OrquestaMedia2023Donalba\/wp-json\/wp\/v2\/media\/2619"}],"wp:attachment":[{"href":"https:\/\/www.donalba.com\/OrquestaMedia2023Donalba\/wp-json\/wp\/v2\/media?parent=2880"}],"wp:term":[{"taxonomy":"category","embeddable":true,"href":"https:\/\/www.donalba.com\/OrquestaMedia2023Donalba\/wp-json\/wp\/v2\/categories?post=2880"},{"taxonomy":"post_tag","embeddable":true,"href":"https:\/\/www.donalba.com\/OrquestaMedia2023Donalba\/wp-json\/wp\/v2\/tags?post=2880"}],"curies":[{"name":"wp","href":"https:\/\/api.w.org\/{rel}","templated":true}]}}