{"id":3512,"date":"2023-03-06T10:40:10","date_gmt":"2023-03-06T09:40:10","guid":{"rendered":"https:\/\/www.donalba.com\/OrquestaMedia2023Donalba\/2023\/03\/06\/donalba-feindef-representadas\/"},"modified":"2023-03-06T10:40:10","modified_gmt":"2023-03-06T09:40:10","slug":"donalba-feindef-representadas","status":"publish","type":"post","link":"https:\/\/www.donalba.com\/OrquestaMedia2023Donalba\/blog-novedades\/donalba-feindef-representadas\/","title":{"rendered":"Donalba estar\u00e1 presente en FEINDEF junto a algunas de sus representadas"},"content":{"rendered":"<p><img loading=\"lazy\" decoding=\"async\" class=\" size-full wp-image-3511\" src=\"https:\/\/www.donalba.com\/OrquestaMedia2023Donalba\/wp-content\/uploads\/2023\/03\/FEINDEF_DONALBA.jpg\" alt=\"FEINDEF DONALBA\" style=\"display: block; margin-left: auto; margin-right: auto;\" width=\"300\" height=\"200\" \/><\/p>\n<p style=\"text-align: justify;\">La <strong>Feria Internacional de Defensa y Seguridad <\/strong><a href=\"https:\/\/www.feindef.com\/index.php\/es\/\" target=\"_blank\" rel=\"noopener\"><strong>FEINDEF<\/strong><\/a> se acerca y desde Donalba asistiremos de nuevo pero este a\u00f1o con una gran novedad.<\/p>\n<p style=\"text-align: justify;\">Esta edici\u00f3n algunas de nuestras representadas contar\u00e1n con un stand propio para poder ofrecer a todos los clientes y potenciales clientes que se acerquen al evento todas sus novedades. De momento os podemos confirmar las siguientes asistencias y el stand en el que estar\u00e1n:<\/p>\n<ul style=\"text-align: justify;\">\n<li>\n<p>Commtact: Hall 10 G54<\/p>\n<\/li>\n<li>\n<p>Bren- Tronics: Hall 8 B11<\/p>\n<\/li>\n<\/ul>\n<p>Adem\u00e1s, otras de nuestras representadas como: Curtiss Wright, Trenton Systems, LCR, Cambridge Pixel e Intellipower tambi\u00e9n asistir\u00e1n pero sin contar con stand propio.&nbsp;<\/p>\n<p style=\"text-align: justify;\"><strong>FEINDEF en cifras<\/strong><\/p>\n<p style=\"text-align: justify;\"><strong>Este a\u00f1o, la feria estar\u00e1 abierta para los visitantes del <\/strong>17 al 19 del pr\u00f3ximo mes de mayo.<\/p>\n<p style=\"text-align: justify;\">Por si no la conoc\u00edas, FEINDEF es un acontecimiento dedicado al sector de <strong>defensa y seguridad<\/strong> a nivel nacional. Recibe el apoyo del Ministerio de Defensa y de otras instituciones, tanto p\u00fablicas como privadas. Se posiciona as\u00ed como el evento m\u00e1s importante celebrado en Espa\u00f1a en torno a esta \u00e1rea.<\/p>\n<p style=\"text-align: justify;\">Como resultado, se preparan 40.000m2 de exposici\u00f3n, con una asistencia de m\u00e1s de 450 expositores de 20 pa\u00edses y unas 100 delegaciones extranjeras.<\/p>\n<p style=\"text-align: justify;\">Si quer\u00e9is saber m\u00e1s sobre el evento y nuestra asistencia a \u00e9l, estad muy atentos a nuestras redes sociales y nuestro blog.<\/p>\n<div id=\"gtx-trans\" style=\"position: absolute; left: 1026px; top: 373.983px;\">\n<div class=\"gtx-trans-icon\">&nbsp;<\/div>\n<\/div>\n","protected":false},"excerpt":{"rendered":"<p>La Feria Internacional de Defensa y Seguridad FEINDEF se acerca y desde Donalba asistiremos de nuevo pero este a\u00f1o con una gran novedad. Esta edici\u00f3n algunas de nuestras representadas contar\u00e1n con un stand propio para poder ofrecer a todos los clientes y potenciales clientes que se acerquen al evento todas sus novedades. De momento os [&hellip;]<\/p>\n","protected":false},"author":1,"featured_media":3511,"comment_status":"open","ping_status":"open","sticky":false,"template":"","format":"standard","meta":{"_et_pb_use_builder":"","_et_pb_old_content":"","_et_gb_content_width":"","footnotes":""},"categories":[15],"tags":[],"class_list":["post-3512","post","type-post","status-publish","format-standard","has-post-thumbnail","hentry","category-blog-novedades"],"_links":{"self":[{"href":"https:\/\/www.donalba.com\/OrquestaMedia2023Donalba\/wp-json\/wp\/v2\/posts\/3512","targetHints":{"allow":["GET"]}}],"collection":[{"href":"https:\/\/www.donalba.com\/OrquestaMedia2023Donalba\/wp-json\/wp\/v2\/posts"}],"about":[{"href":"https:\/\/www.donalba.com\/OrquestaMedia2023Donalba\/wp-json\/wp\/v2\/types\/post"}],"author":[{"embeddable":true,"href":"https:\/\/www.donalba.com\/OrquestaMedia2023Donalba\/wp-json\/wp\/v2\/users\/1"}],"replies":[{"embeddable":true,"href":"https:\/\/www.donalba.com\/OrquestaMedia2023Donalba\/wp-json\/wp\/v2\/comments?post=3512"}],"version-history":[{"count":0,"href":"https:\/\/www.donalba.com\/OrquestaMedia2023Donalba\/wp-json\/wp\/v2\/posts\/3512\/revisions"}],"wp:featuredmedia":[{"embeddable":true,"href":"https:\/\/www.donalba.com\/OrquestaMedia2023Donalba\/wp-json\/wp\/v2\/media\/3511"}],"wp:attachment":[{"href":"https:\/\/www.donalba.com\/OrquestaMedia2023Donalba\/wp-json\/wp\/v2\/media?parent=3512"}],"wp:term":[{"taxonomy":"category","embeddable":true,"href":"https:\/\/www.donalba.com\/OrquestaMedia2023Donalba\/wp-json\/wp\/v2\/categories?post=3512"},{"taxonomy":"post_tag","embeddable":true,"href":"https:\/\/www.donalba.com\/OrquestaMedia2023Donalba\/wp-json\/wp\/v2\/tags?post=3512"}],"curies":[{"name":"wp","href":"https:\/\/api.w.org\/{rel}","templated":true}]}}